{"id":9617,"date":"2025-05-16T17:37:23","date_gmt":"2025-05-16T21:37:23","guid":{"rendered":"https:\/\/quartierdalia.com\/debut-de-la-construction-du-projet-dalia-a-montreal\/"},"modified":"2025-10-15T12:32:48","modified_gmt":"2025-10-15T16:32:48","slug":"debut-de-la-construction-du-projet-dalia-a-montreal","status":"publish","type":"post","link":"https:\/\/quartierdalia.com\/en\/debut-de-la-construction-du-projet-dalia-a-montreal\/","title":{"rendered":"D\u00e9but de la construction du projet Dalia \u00e0 Montr\u00e9al (French only)"},"content":{"rendered":"<p>[et_pb_section fb_built=&#8221;1&#8243; _builder_version=&#8221;4.27.4&#8243; _module_preset=&#8221;default&#8221; background_color=&#8221;#FFFFFF&#8221; background_enable_image=&#8221;off&#8221; custom_margin=&#8221;||0px||false|false&#8221; custom_margin_tablet=&#8221;||0px||false|false&#8221; custom_margin_phone=&#8221;||0px||false|false&#8221; custom_margin_last_edited=&#8221;on|desktop&#8221; custom_padding=&#8221;0px||0px||false|false&#8221; global_colors_info=&#8221;{}&#8221; theme_builder_area=&#8221;post_content&#8221;][et_pb_row use_custom_gutter=&#8221;on&#8221; gutter_width=&#8221;1&#8243; custom_padding_last_edited=&#8221;on|phone&#8221; _builder_version=&#8221;4.27.4&#8243; _module_preset=&#8221;default&#8221; width=&#8221;auto&#8221; width_tablet=&#8221;80vw&#8221; width_phone=&#8221;auto&#8221; width_last_edited=&#8221;on|phone&#8221; max_width_tablet=&#8221;&#8221; max_width_phone=&#8221;&#8221; max_width_last_edited=&#8221;on|phone&#8221; custom_padding=&#8221;||0px||false|false&#8221; custom_padding_tablet=&#8221;0px||||false|false&#8221; custom_padding_phone=&#8221;|3vw||3vw|false|true&#8221; hover_enabled=&#8221;0&#8243; border_color_all=&#8221;#A8813D&#8221; global_colors_info=&#8221;{}&#8221; theme_builder_area=&#8221;post_content&#8221; sticky_enabled=&#8221;0&#8243;][et_pb_column type=&#8221;4_4&#8243; _builder_version=&#8221;4.27.4&#8243; _module_preset=&#8221;default&#8221; custom_padding=&#8221;|3vw||3vw|false|true&#8221; custom_padding_tablet=&#8221;|3vw||3vw|false|true&#8221; custom_padding_phone=&#8221;|3vw||3vw|false|true&#8221; custom_padding_last_edited=&#8221;on|phone&#8221; hover_enabled=&#8221;0&#8243; pac_dcm_carousel_specific_module_num=&#8221;0&#8243; global_colors_info=&#8221;{}&#8221; theme_builder_area=&#8221;post_content&#8221; sticky_enabled=&#8221;0&#8243;][et_pb_text _builder_version=&#8221;4.27.4&#8243; _module_preset=&#8221;default&#8221; text_font=&#8221;Baskervville||||||||&#8221; text_text_color=&#8221;#A8813D&#8221; text_font_size=&#8221;1.3vw&#8221; text_line_height=&#8221;1.71em&#8221; width=&#8221;100%&#8221; width_tablet=&#8221;90%&#8221; width_phone=&#8221;100%&#8221; width_last_edited=&#8221;on|tablet&#8221; module_alignment=&#8221;center&#8221; custom_padding=&#8221;||||false|false&#8221; custom_padding_tablet=&#8221;||||false|false&#8221; custom_padding_phone=&#8221;||||false|true&#8221; custom_padding_last_edited=&#8221;on|phone&#8221; animation_style=&#8221;slide&#8221; animation_direction=&#8221;bottom&#8221; animation_intensity_slide=&#8221;24%&#8221; hover_enabled=&#8221;0&#8243; text_font_size_tablet=&#8221;3vw&#8221; text_font_size_phone=&#8221;4.5vw&#8221; text_font_size_last_edited=&#8221;on|phone&#8221; text_orientation_tablet=&#8221;&#8221; text_orientation_phone=&#8221;left&#8221; text_orientation_last_edited=&#8221;on|phone&#8221; global_colors_info=&#8221;{}&#8221; theme_builder_area=&#8221;post_content&#8221; sticky_enabled=&#8221;0&#8243;]<\/p>\n<p><strong>La premi\u00e8re pellet\u00e9e de terre a \u00e9t\u00e9 soulev\u00e9e le 15 mai pour ce projet d\u2019habitation, qui offrira 249 unit\u00e9s locatives, dans l\u2019arrondissement de Saint-Laurent.<\/strong><\/p>\n<p>Port\u00e9 par le promoteur Quorum, le projet Dalia se situera au 1956, rue Bourdon, soit sur le terrain de l\u2019ancienne usine Valeant. Il se composera d\u2019un b\u00e2timent de sept \u00e9tages, qui inclura 139 unit\u00e9s, et de trois autres b\u00e2timents de trois niveaux, qui en totaliseront 110. La livraison du projet est pr\u00e9vue \u00e0 l\u2019\u00e9t\u00e9 2026.<\/p>\n<p>Des certifications LEED Or et Argent sont \u00e9galement vis\u00e9es. Voici les mesures durables qui seront int\u00e9gr\u00e9es globalement :<\/p>\n<ul>\n<li>Un syst\u00e8me de g\u00e9othermie pour l\u2019ensemble du site;<\/li>\n<li>Une partie de la structure sera construite en bois afin de r\u00e9duire l\u2019empreinte carbone du projet;<\/li>\n<li>Une performance \u00e9nerg\u00e9tique 50 % plus \u00e9lev\u00e9e que les standards pour chaque b\u00e2timent;<\/li>\n<li>Des panneaux solaires sur tous les b\u00e2timents;<\/li>\n<li>Une piste cyclable sera am\u00e9nag\u00e9e pour relier le projet au m\u00e9tro du Coll\u00e8ge;<\/li>\n<li>Des jardins communautaires seront am\u00e9nag\u00e9s sur le toit du b\u00e2timent de sept \u00e9tages;<\/li>\n<li>Un ratio espaces verts \/ terrain de plus de 45 %;<\/li>\n<li>Recyclage de r\u00e9sidus de mat\u00e9riaux de construction d\u00e8s le d\u00e9but du chantier;<\/li>\n<li>Un \u00e9cran acoustique sera install\u00e9 pr\u00e8s de la voie ferr\u00e9e sur le terrain du projet et sur la moiti\u00e9 du terrain de l\u2019\u00e9cole.<\/li>\n<\/ul>\n<p>Le projet a b\u00e9n\u00e9fici\u00e9 d\u2019un soutien de 93 millions de dollars du Programme de pr\u00eats pour la construction d\u2019appartements de la Soci\u00e9t\u00e9 canadienne d\u2019hypoth\u00e8ques et de logement.<\/p>\n<p>Les firmes KIVA Architecture Design, L2C Experts-Conseils, Stantec, Fahey, EnerZam, \u00c9quipe SP, LT Int\u00e9rieurs et Groupe JW participent aussi au projet.<\/p>\n<p>[\/et_pb_text][et_pb_button button_url=&#8221;https:\/\/www.voirvert.ca\/nouvelles\/actualites\/debut-la-construction-du-projet-dalia-montreal&#8221; url_new_window=&#8221;on&#8221; button_text=&#8221;Read the article on Voirvert.ca (in French only)&#8221; button_alignment=&#8221;left&#8221; button_alignment_tablet=&#8221;left&#8221; button_alignment_phone=&#8221;center&#8221; button_alignment_last_edited=&#8221;on|phone&#8221; _builder_version=&#8221;4.27.4&#8243; _module_preset=&#8221;default&#8221; custom_button=&#8221;on&#8221; button_text_size=&#8221;1.3vw&#8221; button_text_color=&#8221;#FFFFFF&#8221; button_bg_color=&#8221;#A8813D&#8221; button_border_width=&#8221;0px&#8221; button_border_radius=&#8221;0px&#8221; button_font=&#8221;Baskervville||||||||&#8221; custom_margin=&#8221;5vh||4vh||false|false&#8221; custom_margin_tablet=&#8221;4vh||0px|4vw|false|false&#8221; custom_margin_phone=&#8221;3vh|0vw|0px|0vw|false|true&#8221; custom_margin_last_edited=&#8221;on|phone&#8221; animation_style=&#8221;slide&#8221; animation_direction=&#8221;bottom&#8221; animation_intensity_slide=&#8221;24%&#8221; hover_enabled=&#8221;0&#8243; button_text_size_tablet=&#8221;3vw&#8221; button_text_size_phone=&#8221;4.5vw&#8221; button_text_size_last_edited=&#8221;on|phone&#8221; global_colors_info=&#8221;{}&#8221; theme_builder_area=&#8221;post_content&#8221; sticky_enabled=&#8221;0&#8243;][\/et_pb_button][\/et_pb_column][\/et_pb_row][\/et_pb_section]<\/p>\n","protected":false},"excerpt":{"rendered":"<p>La premi\u00e8re pellet\u00e9e de terre a \u00e9t\u00e9 soulev\u00e9e le 15 mai pour ce projet d\u2019habitation, qui offrira 249 unit\u00e9s locatives, dans l\u2019arrondissement de Saint-Laurent. Port\u00e9 par le promoteur Quorum, le projet Dalia se situera au 1956, rue Bourdon, soit sur le terrain de l\u2019ancienne usine Valeant. Il se composera d\u2019un b\u00e2timent de sept \u00e9tages, qui [&hellip;]<\/p>\n","protected":false},"author":2,"featured_media":8670,"comment_status":"closed","ping_status":"open","sticky":false,"template":"","format":"standard","meta":{"_et_pb_use_builder":"on","_et_pb_old_content":"","_et_gb_content_width":"","inline_featured_image":false,"footnotes":""},"categories":[10],"tags":[85],"class_list":["post-9617","post","type-post","status-publish","format-standard","has-post-thumbnail","hentry","category-uncategorized-en","tag-anglais"],"yoast_head":"<!-- This site is optimized with the Yoast SEO plugin v27.3 - https:\/\/yoast.com\/product\/yoast-seo-wordpress\/ -->\n<title>D\u00e9but de la construction du projet Dalia \u00e0 Montr\u00e9al (French only) - Quartier Dalia<\/title>\n<meta name=\"robots\" content=\"index, follow, max-snippet:-1, max-image-preview:large, max-video-preview:-1\" \/>\n<link rel=\"canonical\" href=\"https:\/\/quartierdalia.com\/en\/debut-de-la-construction-du-projet-dalia-a-montreal\/\" \/>\n<meta property=\"og:locale\" content=\"en_US\" \/>\n<meta property=\"og:type\" content=\"article\" \/>\n<meta property=\"og:title\" content=\"D\u00e9but de la construction du projet Dalia \u00e0 Montr\u00e9al (French only) - Quartier Dalia\" \/>\n<meta property=\"og:description\" content=\"La premi\u00e8re pellet\u00e9e de terre a \u00e9t\u00e9 soulev\u00e9e le 15 mai pour ce projet d\u2019habitation, qui offrira 249 unit\u00e9s locatives, dans l\u2019arrondissement de Saint-Laurent. Port\u00e9 par le promoteur Quorum, le projet Dalia se situera au 1956, rue Bourdon, soit sur le terrain de l\u2019ancienne usine Valeant. Il se composera d\u2019un b\u00e2timent de sept \u00e9tages, qui [&hellip;]\" \/>\n<meta property=\"og:url\" content=\"https:\/\/quartierdalia.com\/en\/debut-de-la-construction-du-projet-dalia-a-montreal\/\" \/>\n<meta property=\"og:site_name\" content=\"Quartier Dalia\" \/>\n<meta property=\"article:published_time\" content=\"2025-05-16T21:37:23+00:00\" \/>\n<meta property=\"article:modified_time\" content=\"2025-10-15T16:32:48+00:00\" \/>\n<meta property=\"og:image\" content=\"https:\/\/quartierdalia.com\/wp-content\/uploads\/2025\/10\/Projet_Hero-scaled.webp\" \/>\n\t<meta property=\"og:image:width\" content=\"2560\" \/>\n\t<meta property=\"og:image:height\" content=\"1578\" \/>\n\t<meta property=\"og:image:type\" content=\"image\/webp\" \/>\n<meta name=\"author\" content=\"admin_phoenix\" \/>\n<meta name=\"twitter:card\" content=\"summary_large_image\" \/>\n<meta name=\"twitter:label1\" content=\"Written by\" \/>\n\t<meta name=\"twitter:data1\" content=\"admin_phoenix\" \/>\n\t<meta name=\"twitter:label2\" content=\"Est. reading time\" \/>\n\t<meta name=\"twitter:data2\" content=\"4 minutes\" \/>\n<script type=\"application\/ld+json\" class=\"yoast-schema-graph\">{\"@context\":\"https:\\\/\\\/schema.org\",\"@graph\":[{\"@type\":\"Article\",\"@id\":\"https:\\\/\\\/quartierdalia.com\\\/en\\\/debut-de-la-construction-du-projet-dalia-a-montreal\\\/#article\",\"isPartOf\":{\"@id\":\"https:\\\/\\\/quartierdalia.com\\\/en\\\/debut-de-la-construction-du-projet-dalia-a-montreal\\\/\"},\"author\":{\"name\":\"admin_phoenix\",\"@id\":\"https:\\\/\\\/quartierdalia.com\\\/#\\\/schema\\\/person\\\/835e2098b86e43d6870b49fd564fb391\"},\"headline\":\"D\u00e9but de la construction du projet Dalia \u00e0 Montr\u00e9al (French only)\",\"datePublished\":\"2025-05-16T21:37:23+00:00\",\"dateModified\":\"2025-10-15T16:32:48+00:00\",\"mainEntityOfPage\":{\"@id\":\"https:\\\/\\\/quartierdalia.com\\\/en\\\/debut-de-la-construction-du-projet-dalia-a-montreal\\\/\"},\"wordCount\":761,\"publisher\":{\"@id\":\"https:\\\/\\\/quartierdalia.com\\\/#organization\"},\"image\":{\"@id\":\"https:\\\/\\\/quartierdalia.com\\\/en\\\/debut-de-la-construction-du-projet-dalia-a-montreal\\\/#primaryimage\"},\"thumbnailUrl\":\"https:\\\/\\\/quartierdalia.com\\\/wp-content\\\/uploads\\\/2025\\\/10\\\/Projet_Hero-scaled.webp\",\"keywords\":[\"Anglais\"],\"inLanguage\":\"en-US\"},{\"@type\":\"WebPage\",\"@id\":\"https:\\\/\\\/quartierdalia.com\\\/en\\\/debut-de-la-construction-du-projet-dalia-a-montreal\\\/\",\"url\":\"https:\\\/\\\/quartierdalia.com\\\/en\\\/debut-de-la-construction-du-projet-dalia-a-montreal\\\/\",\"name\":\"D\u00e9but de la construction du projet Dalia \u00e0 Montr\u00e9al (French only) - Quartier Dalia\",\"isPartOf\":{\"@id\":\"https:\\\/\\\/quartierdalia.com\\\/#website\"},\"primaryImageOfPage\":{\"@id\":\"https:\\\/\\\/quartierdalia.com\\\/en\\\/debut-de-la-construction-du-projet-dalia-a-montreal\\\/#primaryimage\"},\"image\":{\"@id\":\"https:\\\/\\\/quartierdalia.com\\\/en\\\/debut-de-la-construction-du-projet-dalia-a-montreal\\\/#primaryimage\"},\"thumbnailUrl\":\"https:\\\/\\\/quartierdalia.com\\\/wp-content\\\/uploads\\\/2025\\\/10\\\/Projet_Hero-scaled.webp\",\"datePublished\":\"2025-05-16T21:37:23+00:00\",\"dateModified\":\"2025-10-15T16:32:48+00:00\",\"breadcrumb\":{\"@id\":\"https:\\\/\\\/quartierdalia.com\\\/en\\\/debut-de-la-construction-du-projet-dalia-a-montreal\\\/#breadcrumb\"},\"inLanguage\":\"en-US\",\"potentialAction\":[{\"@type\":\"ReadAction\",\"target\":[\"https:\\\/\\\/quartierdalia.com\\\/en\\\/debut-de-la-construction-du-projet-dalia-a-montreal\\\/\"]}]},{\"@type\":\"ImageObject\",\"inLanguage\":\"en-US\",\"@id\":\"https:\\\/\\\/quartierdalia.com\\\/en\\\/debut-de-la-construction-du-projet-dalia-a-montreal\\\/#primaryimage\",\"url\":\"https:\\\/\\\/quartierdalia.com\\\/wp-content\\\/uploads\\\/2025\\\/10\\\/Projet_Hero-scaled.webp\",\"contentUrl\":\"https:\\\/\\\/quartierdalia.com\\\/wp-content\\\/uploads\\\/2025\\\/10\\\/Projet_Hero-scaled.webp\",\"width\":2560,\"height\":1578},{\"@type\":\"BreadcrumbList\",\"@id\":\"https:\\\/\\\/quartierdalia.com\\\/en\\\/debut-de-la-construction-du-projet-dalia-a-montreal\\\/#breadcrumb\",\"itemListElement\":[{\"@type\":\"ListItem\",\"position\":1,\"name\":\"Accueil\",\"item\":\"https:\\\/\\\/quartierdalia.com\\\/\"},{\"@type\":\"ListItem\",\"position\":2,\"name\":\"D\u00e9but de la construction du projet Dalia \u00e0 Montr\u00e9al (French only)\"}]},{\"@type\":\"WebSite\",\"@id\":\"https:\\\/\\\/quartierdalia.com\\\/#website\",\"url\":\"https:\\\/\\\/quartierdalia.com\\\/\",\"name\":\"Quartier Dalia\",\"description\":\"Nouveau projet r\u00e9sidentiel dans l&#039;arrondissement de Saint-Laurent\",\"publisher\":{\"@id\":\"https:\\\/\\\/quartierdalia.com\\\/#organization\"},\"potentialAction\":[{\"@type\":\"SearchAction\",\"target\":{\"@type\":\"EntryPoint\",\"urlTemplate\":\"https:\\\/\\\/quartierdalia.com\\\/?s={search_term_string}\"},\"query-input\":{\"@type\":\"PropertyValueSpecification\",\"valueRequired\":true,\"valueName\":\"search_term_string\"}}],\"inLanguage\":\"en-US\"},{\"@type\":\"Organization\",\"@id\":\"https:\\\/\\\/quartierdalia.com\\\/#organization\",\"name\":\"Quartier Dalia\",\"url\":\"https:\\\/\\\/quartierdalia.com\\\/\",\"logo\":{\"@type\":\"ImageObject\",\"inLanguage\":\"en-US\",\"@id\":\"https:\\\/\\\/quartierdalia.com\\\/#\\\/schema\\\/logo\\\/image\\\/\",\"url\":\"https:\\\/\\\/quartierdalia.com\\\/wp-content\\\/uploads\\\/2021\\\/06\\\/DALIA_LOGO-2.png\",\"contentUrl\":\"https:\\\/\\\/quartierdalia.com\\\/wp-content\\\/uploads\\\/2021\\\/06\\\/DALIA_LOGO-2.png\",\"width\":1920,\"height\":318,\"caption\":\"Quartier Dalia\"},\"image\":{\"@id\":\"https:\\\/\\\/quartierdalia.com\\\/#\\\/schema\\\/logo\\\/image\\\/\"}},{\"@type\":\"Person\",\"@id\":\"https:\\\/\\\/quartierdalia.com\\\/#\\\/schema\\\/person\\\/835e2098b86e43d6870b49fd564fb391\",\"name\":\"admin_phoenix\",\"image\":{\"@type\":\"ImageObject\",\"inLanguage\":\"en-US\",\"@id\":\"https:\\\/\\\/secure.gravatar.com\\\/avatar\\\/2d52d889aae3dc13f242cdbcf5e45e2f9dfe271467d3fe7e6670d0157b959957?s=96&d=mm&r=g\",\"url\":\"https:\\\/\\\/secure.gravatar.com\\\/avatar\\\/2d52d889aae3dc13f242cdbcf5e45e2f9dfe271467d3fe7e6670d0157b959957?s=96&d=mm&r=g\",\"contentUrl\":\"https:\\\/\\\/secure.gravatar.com\\\/avatar\\\/2d52d889aae3dc13f242cdbcf5e45e2f9dfe271467d3fe7e6670d0157b959957?s=96&d=mm&r=g\",\"caption\":\"admin_phoenix\"}}]}<\/script>\n<!-- \/ Yoast SEO plugin. -->","yoast_head_json":{"title":"D\u00e9but de la construction du projet Dalia \u00e0 Montr\u00e9al (French only) - Quartier Dalia","robots":{"index":"index","follow":"follow","max-snippet":"max-snippet:-1","max-image-preview":"max-image-preview:large","max-video-preview":"max-video-preview:-1"},"canonical":"https:\/\/quartierdalia.com\/en\/debut-de-la-construction-du-projet-dalia-a-montreal\/","og_locale":"en_US","og_type":"article","og_title":"D\u00e9but de la construction du projet Dalia \u00e0 Montr\u00e9al (French only) - Quartier Dalia","og_description":"La premi\u00e8re pellet\u00e9e de terre a \u00e9t\u00e9 soulev\u00e9e le 15 mai pour ce projet d\u2019habitation, qui offrira 249 unit\u00e9s locatives, dans l\u2019arrondissement de Saint-Laurent. Port\u00e9 par le promoteur Quorum, le projet Dalia se situera au 1956, rue Bourdon, soit sur le terrain de l\u2019ancienne usine Valeant. Il se composera d\u2019un b\u00e2timent de sept \u00e9tages, qui [&hellip;]","og_url":"https:\/\/quartierdalia.com\/en\/debut-de-la-construction-du-projet-dalia-a-montreal\/","og_site_name":"Quartier Dalia","article_published_time":"2025-05-16T21:37:23+00:00","article_modified_time":"2025-10-15T16:32:48+00:00","og_image":[{"width":2560,"height":1578,"url":"https:\/\/quartierdalia.com\/wp-content\/uploads\/2025\/10\/Projet_Hero-scaled.webp","type":"image\/webp"}],"author":"admin_phoenix","twitter_card":"summary_large_image","twitter_misc":{"Written by":"admin_phoenix","Est. reading time":"4 minutes"},"schema":{"@context":"https:\/\/schema.org","@graph":[{"@type":"Article","@id":"https:\/\/quartierdalia.com\/en\/debut-de-la-construction-du-projet-dalia-a-montreal\/#article","isPartOf":{"@id":"https:\/\/quartierdalia.com\/en\/debut-de-la-construction-du-projet-dalia-a-montreal\/"},"author":{"name":"admin_phoenix","@id":"https:\/\/quartierdalia.com\/#\/schema\/person\/835e2098b86e43d6870b49fd564fb391"},"headline":"D\u00e9but de la construction du projet Dalia \u00e0 Montr\u00e9al (French only)","datePublished":"2025-05-16T21:37:23+00:00","dateModified":"2025-10-15T16:32:48+00:00","mainEntityOfPage":{"@id":"https:\/\/quartierdalia.com\/en\/debut-de-la-construction-du-projet-dalia-a-montreal\/"},"wordCount":761,"publisher":{"@id":"https:\/\/quartierdalia.com\/#organization"},"image":{"@id":"https:\/\/quartierdalia.com\/en\/debut-de-la-construction-du-projet-dalia-a-montreal\/#primaryimage"},"thumbnailUrl":"https:\/\/quartierdalia.com\/wp-content\/uploads\/2025\/10\/Projet_Hero-scaled.webp","keywords":["Anglais"],"inLanguage":"en-US"},{"@type":"WebPage","@id":"https:\/\/quartierdalia.com\/en\/debut-de-la-construction-du-projet-dalia-a-montreal\/","url":"https:\/\/quartierdalia.com\/en\/debut-de-la-construction-du-projet-dalia-a-montreal\/","name":"D\u00e9but de la construction du projet Dalia \u00e0 Montr\u00e9al (French only) - Quartier Dalia","isPartOf":{"@id":"https:\/\/quartierdalia.com\/#website"},"primaryImageOfPage":{"@id":"https:\/\/quartierdalia.com\/en\/debut-de-la-construction-du-projet-dalia-a-montreal\/#primaryimage"},"image":{"@id":"https:\/\/quartierdalia.com\/en\/debut-de-la-construction-du-projet-dalia-a-montreal\/#primaryimage"},"thumbnailUrl":"https:\/\/quartierdalia.com\/wp-content\/uploads\/2025\/10\/Projet_Hero-scaled.webp","datePublished":"2025-05-16T21:37:23+00:00","dateModified":"2025-10-15T16:32:48+00:00","breadcrumb":{"@id":"https:\/\/quartierdalia.com\/en\/debut-de-la-construction-du-projet-dalia-a-montreal\/#breadcrumb"},"inLanguage":"en-US","potentialAction":[{"@type":"ReadAction","target":["https:\/\/quartierdalia.com\/en\/debut-de-la-construction-du-projet-dalia-a-montreal\/"]}]},{"@type":"ImageObject","inLanguage":"en-US","@id":"https:\/\/quartierdalia.com\/en\/debut-de-la-construction-du-projet-dalia-a-montreal\/#primaryimage","url":"https:\/\/quartierdalia.com\/wp-content\/uploads\/2025\/10\/Projet_Hero-scaled.webp","contentUrl":"https:\/\/quartierdalia.com\/wp-content\/uploads\/2025\/10\/Projet_Hero-scaled.webp","width":2560,"height":1578},{"@type":"BreadcrumbList","@id":"https:\/\/quartierdalia.com\/en\/debut-de-la-construction-du-projet-dalia-a-montreal\/#breadcrumb","itemListElement":[{"@type":"ListItem","position":1,"name":"Accueil","item":"https:\/\/quartierdalia.com\/"},{"@type":"ListItem","position":2,"name":"D\u00e9but de la construction du projet Dalia \u00e0 Montr\u00e9al (French only)"}]},{"@type":"WebSite","@id":"https:\/\/quartierdalia.com\/#website","url":"https:\/\/quartierdalia.com\/","name":"Quartier Dalia","description":"Nouveau projet r\u00e9sidentiel dans l&#039;arrondissement de Saint-Laurent","publisher":{"@id":"https:\/\/quartierdalia.com\/#organization"},"potentialAction":[{"@type":"SearchAction","target":{"@type":"EntryPoint","urlTemplate":"https:\/\/quartierdalia.com\/?s={search_term_string}"},"query-input":{"@type":"PropertyValueSpecification","valueRequired":true,"valueName":"search_term_string"}}],"inLanguage":"en-US"},{"@type":"Organization","@id":"https:\/\/quartierdalia.com\/#organization","name":"Quartier Dalia","url":"https:\/\/quartierdalia.com\/","logo":{"@type":"ImageObject","inLanguage":"en-US","@id":"https:\/\/quartierdalia.com\/#\/schema\/logo\/image\/","url":"https:\/\/quartierdalia.com\/wp-content\/uploads\/2021\/06\/DALIA_LOGO-2.png","contentUrl":"https:\/\/quartierdalia.com\/wp-content\/uploads\/2021\/06\/DALIA_LOGO-2.png","width":1920,"height":318,"caption":"Quartier Dalia"},"image":{"@id":"https:\/\/quartierdalia.com\/#\/schema\/logo\/image\/"}},{"@type":"Person","@id":"https:\/\/quartierdalia.com\/#\/schema\/person\/835e2098b86e43d6870b49fd564fb391","name":"admin_phoenix","image":{"@type":"ImageObject","inLanguage":"en-US","@id":"https:\/\/secure.gravatar.com\/avatar\/2d52d889aae3dc13f242cdbcf5e45e2f9dfe271467d3fe7e6670d0157b959957?s=96&d=mm&r=g","url":"https:\/\/secure.gravatar.com\/avatar\/2d52d889aae3dc13f242cdbcf5e45e2f9dfe271467d3fe7e6670d0157b959957?s=96&d=mm&r=g","contentUrl":"https:\/\/secure.gravatar.com\/avatar\/2d52d889aae3dc13f242cdbcf5e45e2f9dfe271467d3fe7e6670d0157b959957?s=96&d=mm&r=g","caption":"admin_phoenix"}}]}},"_links":{"self":[{"href":"https:\/\/quartierdalia.com\/en\/wp-json\/wp\/v2\/posts\/9617","targetHints":{"allow":["GET"]}}],"collection":[{"href":"https:\/\/quartierdalia.com\/en\/wp-json\/wp\/v2\/posts"}],"about":[{"href":"https:\/\/quartierdalia.com\/en\/wp-json\/wp\/v2\/types\/post"}],"author":[{"embeddable":true,"href":"https:\/\/quartierdalia.com\/en\/wp-json\/wp\/v2\/users\/2"}],"replies":[{"embeddable":true,"href":"https:\/\/quartierdalia.com\/en\/wp-json\/wp\/v2\/comments?post=9617"}],"version-history":[{"count":24,"href":"https:\/\/quartierdalia.com\/en\/wp-json\/wp\/v2\/posts\/9617\/revisions"}],"predecessor-version":[{"id":9940,"href":"https:\/\/quartierdalia.com\/en\/wp-json\/wp\/v2\/posts\/9617\/revisions\/9940"}],"wp:featuredmedia":[{"embeddable":true,"href":"https:\/\/quartierdalia.com\/en\/wp-json\/wp\/v2\/media\/8670"}],"wp:attachment":[{"href":"https:\/\/quartierdalia.com\/en\/wp-json\/wp\/v2\/media?parent=9617"}],"wp:term":[{"taxonomy":"category","embeddable":true,"href":"https:\/\/quartierdalia.com\/en\/wp-json\/wp\/v2\/categories?post=9617"},{"taxonomy":"post_tag","embeddable":true,"href":"https:\/\/quartierdalia.com\/en\/wp-json\/wp\/v2\/tags?post=9617"}],"curies":[{"name":"wp","href":"https:\/\/api.w.org\/{rel}","templated":true}]}}